{"id":5788,"date":"2021-04-06T21:36:45","date_gmt":"2021-04-07T00:36:45","guid":{"rendered":"http:\/\/desarrollosdeprueba.xyz\/universo_mola\/?p=5788"},"modified":"2021-08-08T21:40:02","modified_gmt":"2021-08-09T00:40:02","slug":"empresas-b-una-alternativa-para-ser-una-compania-sostenible","status":"publish","type":"post","link":"https:\/\/universomola.com\/en\/empresas-b-una-alternativa-para-ser-una-compania-sostenible\/","title":{"rendered":"EMPRESAS B, UNA ALTERNATIVA PARA SER UNA COMPA\u00d1\u00cdA SOSTENIBLE"},"content":{"rendered":"<div class=\"fusion-fullwidth fullwidth-box fusion-builder-row-1 fusion-flex-container nonhundred-percent-fullwidth non-hundred-percent-height-scrolling\" style=\"--awb-border-radius-top-left:0px;--awb-border-radius-top-right:0px;--awb-border-radius-bottom-right:0px;--awb-border-radius-bottom-left:0px;--awb-flex-wrap:wrap;\" ><div class=\"fusion-builder-row fusion-row fusion-flex-align-items-flex-start fusion-flex-content-wrap\" style=\"max-width:1248px;margin-left: calc(-4% \/ 2 );margin-right: calc(-4% \/ 2 );\"><div class=\"fusion-layout-column fusion_builder_column fusion-builder-column-0 fusion_builder_column_1_1 1_1 fusion-flex-column\" style=\"--awb-bg-size:cover;--awb-width-large:100%;--awb-margin-top-large:0px;--awb-spacing-right-large:1.92%;--awb-margin-bottom-large:0px;--awb-spacing-left-large:1.92%;--awb-width-medium:100%;--awb-spacing-right-medium:1.92%;--awb-spacing-left-medium:1.92%;--awb-width-small:100%;--awb-spacing-right-small:1.92%;--awb-spacing-left-small:1.92%;\"><div class=\"fusion-column-wrapper fusion-flex-justify-content-flex-start fusion-content-layout-column\"><div class=\"fusion-text fusion-text-1\"><p><em><span style=\"color: #33cccc;\">Escrito por: Noticias <\/span><\/em><em><span style=\"color: #33cccc;\">de Universo MOLA<\/span><\/em><\/p>\n<p><i><span style=\"font-weight: 400;\">Por Yamila Recalde, Colaboradora Argentina<\/span><\/i><\/p>\n<p><span style=\"font-weight: 400;\">The <\/span><b>industria de la Moda<\/b><span style=\"font-weight: 400;\"> proclama la <\/span><b>sustentabilidad <\/b><span style=\"font-weight: 400;\">como una preocupaci\u00f3n real entre las marcas y los consumidores, m\u00e1s bien, la moda establece como m\u00e1xima prioridad para<\/span><b> los modelos de negocios la conciencia ambiental<\/b><span style=\"font-weight: 400;\">, para ello, se vale de diversas herramientas como <\/span><b>tecnolog\u00eda aplicada, que incluye desde aplicaciones hasta maquinaria compleja<\/b><span style=\"font-weight: 400;\"> como <\/span><b>Fibersort<\/b><span style=\"font-weight: 400;\">, a trav\u00e9s de la utilizaci\u00f3n de <\/span><b>materiales reciclados<\/b><span style=\"font-weight: 400;\">, adem\u00e1s de compromisos internos a fin de<\/span><b> reducir el uso de agua<\/b><span style=\"font-weight: 400;\">, emisiones de carbono o el <\/span><b>m\u00e9todo de compensaci\u00f3n<\/b><span style=\"font-weight: 400;\"> como es el caso de <\/span><b>Chanel <\/b><span style=\"font-weight: 400;\">con su plan <\/span><b>Mission 1.5.<\/b><\/p>\n<p><span style=\"font-weight: 400;\">Dentro del universo de posibilidades que existen para las diversas compa\u00f1\u00edas que integran el sector <\/span><b>tanto textil como de indumentaria<\/b><span style=\"font-weight: 400;\">, joyer\u00eda y todas aquellas \u00e1reas que integren la Industria tambi\u00e9n se posicionan <\/span><b>otras alternativas como la integraci\u00f3n de las empresas B<\/b><span style=\"font-weight: 400;\">, las que se caracterizan principalmente por comprometerse, tanto en el \u00e1mbito legal como institucional, a la toma de decisiones, de cualquier tipo, poniendo especial atenci\u00f3n al impacto social y ambiental que genera. Para lograr <\/span><b>una certificaci\u00f3n de compa\u00f1\u00eda B<\/b><span style=\"font-weight: 400;\">, deben alinear sus pr\u00e1cticas y acciones hacia el <\/span><b>mejoramiento de \u00e1reas como la de los trabajadores, clientes, comunidad y medioambiente.<\/b><\/p>\n<p><span style=\"font-weight: 400;\">Este sistema surgi\u00f3 a ra\u00edz de un movimiento iniciado en <\/span><b>EE. UU<\/b><span style=\"font-weight: 400;\"> alrededor del 2003, el mismo, ten\u00eda como eje principal <\/span><b>la b\u00fasqueda de soluciones a la inequidad y la crisis clim\u00e1tica<\/b><span style=\"font-weight: 400;\">. El modelo motiva a las empresas a <\/span><b>construir una nueva econom\u00eda basada en los valores y la \u00e9tica, pilares que generan soluciones colectivas sin dejar de lado las necesidades particulares que busca una corporaci\u00f3n que persigue el lucro.<\/b><img decoding=\"async\" class=\"alignnone size-full wp-image-5790 lazyload\" data-src=\"http:\/\/desarrollosdeprueba.xyz\/universo_mola\/wp-content\/uploads\/2021\/08\/Captura270.png\" alt=\"\" width=\"399\" height=\"406\" data-srcset=\"https:\/\/universomola.com\/wp-content\/uploads\/2021\/08\/Captura270-66x66.png 66w, https:\/\/universomola.com\/wp-content\/uploads\/2021\/08\/Captura270-200x204.png 200w, https:\/\/universomola.com\/wp-content\/uploads\/2021\/08\/Captura270-295x300.png 295w, https:\/\/universomola.com\/wp-content\/uploads\/2021\/08\/Captura270.png 399w\" data-sizes=\"(max-width: 399px) 100vw, 399px\" src=\"data:image\/svg+xml;base64,PHN2ZyB3aWR0aD0iMSIgaGVpZ2h0PSIxIiB4bWxucz0iaHR0cDovL3d3dy53My5vcmcvMjAwMC9zdmciPjwvc3ZnPg==\" style=\"--smush-placeholder-width: 399px; --smush-placeholder-aspect-ratio: 399\/406;\" \/><\/p>\n<p><span style=\"font-weight: 400;\">The <\/span><b>empresa B significa, principalmente, construir un nuevo prototipo econ\u00f3mico que incluya a todos<\/b><span style=\"font-weight: 400;\">, sin excepci\u00f3n, as\u00ed mismo, que tambi\u00e9n pueda crear valor para la humanidad. El desaf\u00edo es <\/span><b>utilizar la fuerza comercial para dar soluciones reales a los problemas sociales y ambientales existentes y, en definitiva, ser una mejor compa\u00f1\u00eda para el mundo y no solo del mundo.<\/b><\/p>\n<p><span style=\"font-weight: 400;\">Para conseguir un certificado que avale la condici\u00f3n de entidad comercial de este tipo, las mismas deber\u00e1n atravesar por una <\/span><b>evaluaci\u00f3n detallada de todos los sectores de la empresa<\/b><span style=\"font-weight: 400;\">, esta se realiza <\/span><b>durante el proceso de certificaci\u00f3n<\/b><span style=\"font-weight: 400;\">, que depende de su estructura o tama\u00f1o, y busca <\/span><b>identificar las oportunidades para lograr altos est\u00e1ndares de desempe\u00f1o y transparencia<\/b><span style=\"font-weight: 400;\">. Lo ideal en este caso es que se pueda lograr <\/span><b>el triple impacto positivo <\/b><span style=\"font-weight: 400;\">(econ\u00f3mico, social y ambiental) a su vez que se mantienen los compromisos de mejora legal a largo plazo.<\/span><\/p>\n<p><img decoding=\"async\" class=\"alignnone size-full wp-image-5791 lazyload\" data-src=\"http:\/\/desarrollosdeprueba.xyz\/universo_mola\/wp-content\/uploads\/2021\/08\/Captura271.png\" alt=\"\" width=\"530\" height=\"295\" data-srcset=\"https:\/\/universomola.com\/wp-content\/uploads\/2021\/08\/Captura271-200x111.png 200w, https:\/\/universomola.com\/wp-content\/uploads\/2021\/08\/Captura271-300x167.png 300w, https:\/\/universomola.com\/wp-content\/uploads\/2021\/08\/Captura271-400x223.png 400w, https:\/\/universomola.com\/wp-content\/uploads\/2021\/08\/Captura271-500x278.png 500w, https:\/\/universomola.com\/wp-content\/uploads\/2021\/08\/Captura271.png 530w\" data-sizes=\"(max-width: 530px) 100vw, 530px\" src=\"data:image\/svg+xml;base64,PHN2ZyB3aWR0aD0iMSIgaGVpZ2h0PSIxIiB4bWxucz0iaHR0cDovL3d3dy53My5vcmcvMjAwMC9zdmciPjwvc3ZnPg==\" style=\"--smush-placeholder-width: 530px; --smush-placeholder-aspect-ratio: 530\/295;\" \/><\/p>\n<p><b>\u00bfQu\u00e9 beneficios tiene la certificaci\u00f3n B?<\/b><\/p>\n<p><span style=\"font-weight: 400;\">Las ventajas de ser una <\/span><b>Compa\u00f1\u00eda B certificada son varias y son de suma utilidad para su funcionamiento, entre ellas est\u00e1n que, siendo integrantes de la comunidad B tendr\u00e1n apoyo t\u00e9cnico continuo para lograr los objetivos esperados<\/b><span style=\"font-weight: 400;\">, por otra parte, se acceder\u00e1 a espacios de <\/span><b>difusi\u00f3n y visibilizaci\u00f3n<\/b><span style=\"font-weight: 400;\">, tambi\u00e9n capacitaciones e instancias de intercambio. Adem\u00e1s de ello, los <\/span><b>nuevos talentos<\/b><span style=\"font-weight: 400;\"> que surgen en el ambiente t\u00e9cnico se interesan m\u00e1s por trabajar con empresas que busquen <\/span><b>equilibrio entre los intereses propios y los sociales<\/b><span style=\"font-weight: 400;\">. La conexi\u00f3n que se adquiere con otras del mismo sentido, es otro beneficio del modelo, como por ejemplo, las ventas de productos y servicios B a B. Por \u00faltimo, tambi\u00e9n existe un gran potencial para mejorar, sobrevivir y enfrentar <\/span><b>los tiempos de crisis<\/b><span style=\"font-weight: 400;\">, amenazas econ\u00f3micas o de otro tipo, como la sanitaria que se est\u00e1 desarrollando actualmente.<\/span><\/p>\n<p><span style=\"font-weight: 400;\">Para m\u00e1s informaci\u00f3n sobre Compa\u00f1\u00edas B visita <\/span><span style=\"color: #999999;\"><a style=\"color: #999999;\" href=\"https:\/\/sistemab.org\/como-me-sumo\/\"><span style=\"font-weight: 400;\">https:\/\/sistemab.org\/como-me-sumo\/<\/span><\/a><\/span><\/p>\n<p><span style=\"font-weight: 400;\">Para m\u00e1s informaci\u00f3n sobre Compa\u00f1\u00edas B visita <\/span><span style=\"color: #999999;\"><a style=\"color: #999999;\" href=\"https:\/\/sistemab.org\/como-me-sumo\/\"><span style=\"font-weight: 400;\">https:\/\/sistemab.org\/como-me-sumo\/<\/span><\/a><\/span><\/p>\n<\/div><\/div><\/div><\/div><\/div>","protected":false},"excerpt":{"rendered":"<p>Lorem ipsum dolor sit amet, consectetur adipiscing elit. Nam pharetra dictum eleifend. Sed posuere magna at luctus pretium. Aliquam ligula sem, aliquet sit amet nisi ac, dignissim porta ipsum.<\/p>","protected":false},"author":9,"featured_media":5792,"comment_status":"open","ping_status":"open","sticky":false,"template":"","format":"standard","meta":{"_monsterinsights_skip_tracking":false,"_monsterinsights_sitenote_active":false,"_monsterinsights_sitenote_note":"","_monsterinsights_sitenote_category":0,"footnotes":""},"categories":[40],"tags":[93,89,48,92,47,96,88],"class_list":["post-5788","post","type-post","status-publish","format-standard","has-post-thumbnail","hentry","category-blog","tag-disenadores-sostenibles","tag-moda-etica","tag-moda-latina","tag-moda-latinoamericana","tag-moda-sostenible","tag-moda-sustentable","tag-universo-mola"],"_links":{"self":[{"href":"https:\/\/universomola.com\/en\/wp-json\/wp\/v2\/posts\/5788","targetHints":{"allow":["GET"]}}],"collection":[{"href":"https:\/\/universomola.com\/en\/wp-json\/wp\/v2\/posts"}],"about":[{"href":"https:\/\/universomola.com\/en\/wp-json\/wp\/v2\/types\/post"}],"author":[{"embeddable":true,"href":"https:\/\/universomola.com\/en\/wp-json\/wp\/v2\/users\/9"}],"replies":[{"embeddable":true,"href":"https:\/\/universomola.com\/en\/wp-json\/wp\/v2\/comments?post=5788"}],"version-history":[{"count":1,"href":"https:\/\/universomola.com\/en\/wp-json\/wp\/v2\/posts\/5788\/revisions"}],"predecessor-version":[{"id":5793,"href":"https:\/\/universomola.com\/en\/wp-json\/wp\/v2\/posts\/5788\/revisions\/5793"}],"wp:featuredmedia":[{"embeddable":true,"href":"https:\/\/universomola.com\/en\/wp-json\/wp\/v2\/media\/5792"}],"wp:attachment":[{"href":"https:\/\/universomola.com\/en\/wp-json\/wp\/v2\/media?parent=5788"}],"wp:term":[{"taxonomy":"category","embeddable":true,"href":"https:\/\/universomola.com\/en\/wp-json\/wp\/v2\/categories?post=5788"},{"taxonomy":"post_tag","embeddable":true,"href":"https:\/\/universomola.com\/en\/wp-json\/wp\/v2\/tags?post=5788"}],"curies":[{"name":"wp","href":"https:\/\/api.w.org\/{rel}","templated":true}]}}