{"id":5808,"date":"2021-05-11T21:50:42","date_gmt":"2021-05-12T00:50:42","guid":{"rendered":"http:\/\/desarrollosdeprueba.xyz\/universo_mola\/?p=5808"},"modified":"2021-08-08T21:52:32","modified_gmt":"2021-08-09T00:52:32","slug":"f5-a-la-moda","status":"publish","type":"post","link":"https:\/\/universomola.com\/en\/f5-a-la-moda\/","title":{"rendered":"F5 A LA MODA"},"content":{"rendered":"<div class=\"fusion-fullwidth fullwidth-box fusion-builder-row-1 fusion-flex-container nonhundred-percent-fullwidth non-hundred-percent-height-scrolling\" style=\"--awb-border-radius-top-left:0px;--awb-border-radius-top-right:0px;--awb-border-radius-bottom-right:0px;--awb-border-radius-bottom-left:0px;--awb-flex-wrap:wrap;\" ><div class=\"fusion-builder-row fusion-row fusion-flex-align-items-flex-start fusion-flex-content-wrap\" style=\"max-width:1248px;margin-left: calc(-4% \/ 2 );margin-right: calc(-4% \/ 2 );\"><div class=\"fusion-layout-column fusion_builder_column fusion-builder-column-0 fusion_builder_column_1_1 1_1 fusion-flex-column\" style=\"--awb-bg-size:cover;--awb-width-large:100%;--awb-margin-top-large:0px;--awb-spacing-right-large:1.92%;--awb-margin-bottom-large:0px;--awb-spacing-left-large:1.92%;--awb-width-medium:100%;--awb-spacing-right-medium:1.92%;--awb-spacing-left-medium:1.92%;--awb-width-small:100%;--awb-spacing-right-small:1.92%;--awb-spacing-left-small:1.92%;\"><div class=\"fusion-column-wrapper fusion-flex-justify-content-flex-start fusion-content-layout-column\"><div class=\"fusion-text fusion-text-1\"><p><em><span style=\"color: #33cccc;\">Escrito por: Noticias <\/span><\/em><em><span style=\"color: #33cccc;\">de Universo MOLA<\/span><\/em><\/p>\n<p><span style=\"color: #999999;\"><i><span style=\"font-weight: 400;\">Por Pia Cabral, Colaboradora Uruguay<\/span><\/i><\/span><\/p>\n<p><span style=\"font-weight: 400; color: #999999;\">\u201cQuerido diario, hoy es un nuevo d\u00eda sin ser v\u00edctima de la moda\u201d as\u00ed ser\u00eda mi reflexi\u00f3n del d\u00eda\u00a0 si usara una agenda Pascualina en este momento de mi vida. La era digital en la que estamos\u00a0 envueltos nos lleva a esa necesidad de consumir, todo es nuevo -todo el tiempo-. Comprar un\u00a0 celular \u00faltimo modelo en 12 cuotas significa que para el momento que lo terminaste de pagar\u00a0 ya salieron 3 modelos m\u00e1s. Todos los d\u00edas alguien aprieta f5 en nuestros teclados y se hace un\u00a0 refresh de tendencias..\u00a0\u00a0<\/span><\/p>\n<p><span style=\"font-weight: 400; color: #999999;\">El Sr. Bauman ya nos advirti\u00f3 de nuestra cultura consumista hace unos a\u00f1os. \u201cCompro luego\u00a0 existo\u2026 como sujeto\u201d encabeza una de mis citas favoritas del autor. En nuestra sociedad\u00a0 actual, el apego est\u00e1 prohibido. Tanto en las relaciones personales como en lo material, se ve\u00a0 como una carga que debe ser desechada cuanto antes. Se nos promete felicidad al satisfacer\u00a0 nuestros deseos, pero mantiene esa satisfacci\u00f3n a medias ya que siempre se est\u00e1n creando\u00a0 nuevas necesidades. Lo cual nos genera la constante frustraci\u00f3n de estar llenos con lo que ya\u00a0 se tiene.\u00a0\u00a0<\/span><\/p>\n<p><span style=\"font-weight: 400; color: #999999;\">El proceso de construcci\u00f3n de identidad juega fuerte en estos casos, uno debe conocerse para\u00a0 saber que quiere, y as\u00ed claro, otros me aprueban e incluyen socialmente. El as debajo de la\u00a0 manga de esta cultura consumista es transformar al sujeto en s\u00ed mismo en un atractivo\u00a0 producto de consumo. Vuelvo a repetir, esto no solo ocurre en lo material. Aqu\u00ed es donde\u00a0 entran en juego las redes sociales, a ver quien se promociona mejor a s\u00ed mismo. Instagram,\u00a0 Tinder y el resto de las apps no son m\u00e1s que cat\u00e1logos donde nos vendemos. Es tal el punto\u00a0 que hoy estamos obligados a programar calendarios con contenidos de posteos y estamos\u00a0 atentos de la hora en la que subimos las fotos para estar activos en la famosa \u201chora pico\u201d.\u00a0\u00a0<\/span><\/p>\n<p><span style=\"font-weight: 400; color: #999999;\">La moda est\u00e1 totalmente inmersa en esta problem\u00e1tica, el contexto de pandemia nos oblig\u00f3 a\u00a0 reinventarnos e idear nuevas estrategias. Sin dudas el estilo de vida sostenible le est\u00e1 dando\u00a0 pelea a la cultura consumista. Bauman estar\u00eda orgulloso de nosotros. En mi batalla de no ser\u00a0 v\u00edctima de la moda mientras intento sumergirme lo m\u00e1s que pueda dentro del mundo de la\u00a0 moda, he cambiado mi estilo de vida. Aprender a no consumir solo porque est\u00e1 en tendencia\u00a0 o por descuento fue el primer paso. Conocer mis gustos, colores y lo que me favorece me\u00a0 solt\u00f3 la presi\u00f3n de tener que siempre tener \u201clo \u00faltimo\u201d. Por motivos econ\u00f3micos (pues,\u00a0 freelance), valores y gustos ya hace tiempo elijo comprar segunda mano o en ferias de barrios. Es incre\u00edble lo que se puede encontrar, siempre prendas en tendencia. Porque si hay\u00a0 algo que debemos tener en claro, es que la moda es c\u00edclica y todo vuelve. Sino cuestionemos\u00a0 esto seg\u00fan Kim Kardashian y Paris Hilton con sus conjuntos velur que resurgieron con furor\u00a0 este a\u00f1o, 20 a\u00f1os despu\u00e9s. Comprarle a marcas locales o emprendimientos peque\u00f1os es otra\u00a0 manera de ser parte del movimiento, potenciando la econom\u00eda de nuestro pa\u00eds. Y si tenemos\u00a0 suerte podemos encontrar prendas de dise\u00f1o nacional en ferias lo cual nos demuestra su\u00a0 calidad y atemporalidad. Tomar prendas viejas y darles un retoque nosotros mismos aparte de\u00a0 ayudar a la causa y a nuestros bolsillos, nos permite una liberaci\u00f3n mental mediante la\u00a0 creatividad y el arte. Es ganar desde donde lo mires. Sumarnos entre todos como equipo,\u00a0 compartiendo a las peque\u00f1as marcas o recomend\u00e1ndolas en nuestros perfiles es un gran\u00a0 aporte con cero costos. Y t\u00fa, \u00bfqu\u00e9 vas a escribir en tu diario hoy?\u00a0<\/span><\/p>\n<\/div><\/div><\/div><\/div><\/div>","protected":false},"excerpt":{"rendered":"<p>Lorem ipsum dolor sit amet, consectetur adipiscing elit. Nam pharetra dictum eleifend. Sed posuere magna at luctus pretium. Aliquam ligula sem, aliquet sit amet nisi ac, dignissim porta ipsum.<\/p>","protected":false},"author":9,"featured_media":5809,"comment_status":"open","ping_status":"open","sticky":false,"template":"","format":"standard","meta":{"_monsterinsights_skip_tracking":false,"_monsterinsights_sitenote_active":false,"_monsterinsights_sitenote_note":"","_monsterinsights_sitenote_category":0,"footnotes":""},"categories":[40],"tags":[93,89,48,92,47,96,88],"class_list":["post-5808","post","type-post","status-publish","format-standard","has-post-thumbnail","hentry","category-blog","tag-disenadores-sostenibles","tag-moda-etica","tag-moda-latina","tag-moda-latinoamericana","tag-moda-sostenible","tag-moda-sustentable","tag-universo-mola"],"_links":{"self":[{"href":"https:\/\/universomola.com\/en\/wp-json\/wp\/v2\/posts\/5808","targetHints":{"allow":["GET"]}}],"collection":[{"href":"https:\/\/universomola.com\/en\/wp-json\/wp\/v2\/posts"}],"about":[{"href":"https:\/\/universomola.com\/en\/wp-json\/wp\/v2\/types\/post"}],"author":[{"embeddable":true,"href":"https:\/\/universomola.com\/en\/wp-json\/wp\/v2\/users\/9"}],"replies":[{"embeddable":true,"href":"https:\/\/universomola.com\/en\/wp-json\/wp\/v2\/comments?post=5808"}],"version-history":[{"count":1,"href":"https:\/\/universomola.com\/en\/wp-json\/wp\/v2\/posts\/5808\/revisions"}],"predecessor-version":[{"id":5810,"href":"https:\/\/universomola.com\/en\/wp-json\/wp\/v2\/posts\/5808\/revisions\/5810"}],"wp:featuredmedia":[{"embeddable":true,"href":"https:\/\/universomola.com\/en\/wp-json\/wp\/v2\/media\/5809"}],"wp:attachment":[{"href":"https:\/\/universomola.com\/en\/wp-json\/wp\/v2\/media?parent=5808"}],"wp:term":[{"taxonomy":"category","embeddable":true,"href":"https:\/\/universomola.com\/en\/wp-json\/wp\/v2\/categories?post=5808"},{"taxonomy":"post_tag","embeddable":true,"href":"https:\/\/universomola.com\/en\/wp-json\/wp\/v2\/tags?post=5808"}],"curies":[{"name":"wp","href":"https:\/\/api.w.org\/{rel}","templated":true}]}}