{"id":5816,"date":"2021-05-18T21:57:41","date_gmt":"2021-05-19T00:57:41","guid":{"rendered":"http:\/\/desarrollosdeprueba.xyz\/universo_mola\/?p=5816"},"modified":"2021-08-08T21:59:11","modified_gmt":"2021-08-09T00:59:11","slug":"el-consumo-sera-sostenible-o-no-sera","status":"publish","type":"post","link":"https:\/\/universomola.com\/en\/el-consumo-sera-sostenible-o-no-sera\/","title":{"rendered":"EL CONSUMO SER\u00c1 SOSTENIBLE O NO SER\u00c1"},"content":{"rendered":"<div class=\"fusion-fullwidth fullwidth-box fusion-builder-row-1 fusion-flex-container nonhundred-percent-fullwidth non-hundred-percent-height-scrolling\" style=\"--awb-border-radius-top-left:0px;--awb-border-radius-top-right:0px;--awb-border-radius-bottom-right:0px;--awb-border-radius-bottom-left:0px;--awb-flex-wrap:wrap;\" ><div class=\"fusion-builder-row fusion-row fusion-flex-align-items-flex-start fusion-flex-content-wrap\" style=\"max-width:1248px;margin-left: calc(-4% \/ 2 );margin-right: calc(-4% \/ 2 );\"><div class=\"fusion-layout-column fusion_builder_column fusion-builder-column-0 fusion_builder_column_1_1 1_1 fusion-flex-column\" style=\"--awb-bg-size:cover;--awb-width-large:100%;--awb-margin-top-large:0px;--awb-spacing-right-large:1.92%;--awb-margin-bottom-large:0px;--awb-spacing-left-large:1.92%;--awb-width-medium:100%;--awb-spacing-right-medium:1.92%;--awb-spacing-left-medium:1.92%;--awb-width-small:100%;--awb-spacing-right-small:1.92%;--awb-spacing-left-small:1.92%;\"><div class=\"fusion-column-wrapper fusion-flex-justify-content-flex-start fusion-content-layout-column\"><div class=\"fusion-text fusion-text-1\"><p><em><span style=\"color: #33cccc;\">Escrito por: Noticias <\/span><\/em><em><span style=\"color: #33cccc;\">de Universo MOLA<\/span><\/em><\/p>\n<p><i><span style=\"font-weight: 400;\">Por Fiorella Benavides, Colaboradora Uruguay<\/span><\/i><\/p>\n<p><b>Cuando valor\u00e1s los productos y las materias por encima de las tendencias, el ecodise\u00f1o, las materias sostenibles, la calidad por encima de la cantidad y las marcas que generan valor para todas las personas y seres vivos a lo largo de toda la cadena de producci\u00f3n incluido el consumidor final, estas evidenciando tu compromiso con la moda sostenible.\u00a0<\/b><\/p>\n<p><b>El cambio hacia este pensamiento en un proceso y un desarrollo personal y un compromiso con el planeta. No basta con entender a la sustentabilidad como tal sino generar acciones para aplicarla y\u00a0 poder difundirla como bandera en nuestro d\u00eda a d\u00eda.\u00a0<\/b><\/p>\n<p><b>Una manera de asumir este compromiso y hacerlo s\u00f3lido es comenzar la b\u00fasqueda sobre las marcas de moda que aportan valor social y ambiental. Actualmente mi base est\u00e1 en Uruguay entonces todo el tiempo me estoy informando sobre qu\u00e9 marcas est\u00e1n en este camino y cu\u00e1l es su mensaje y su esencia desde su rol en la industria.\u00a0<\/b><\/p>\n<p><b>Apoyar a los peque\u00f1os productores locales de cualquier rubro, no ten\u00e9s por qu\u00e9 limitarte a la indumentaria. Divulgar y compartir a nuestra manera la actualidad de la moda sostenible y el slow fashion. Generar conocimiento sobre sostenibilidad, moda a trav\u00e9s de los valores, que dan trabajo digno y no esclavizan ni\u00f1os y mujeres. Concientizar sobre el respeto sobre el cuidado del medio ambiente.\u00a0<\/b><\/p>\n<p><b>\u00bfC\u00f3mo puedo evidenciar mi compromiso con la moda sostenible?<\/b><\/p>\n<p><b>Pregunt\u00e1te:<\/b><\/p>\n<p><b>\u00bfCon qu\u00e9 frecuencia compr\u00e1s ropa?<\/b><\/p>\n<p><b>Las rebajas son el s\u00edmbolo del consumo r\u00e1pido<\/b><span style=\"font-weight: 400;\">, porque con sus descuentos incitan a la compra, simplemente porque el producto es m\u00e1s barato que d\u00edas atr\u00e1s y no porque la prenda vaya a cubrir una exigencia real. Entonces ah\u00ed surgen varios cuestionamientos: cu\u00e1nto necesito esta prenda, es necesaria comprarla o solo lo hago porque est\u00e1 en oferta. Sent\u00eds\u00a0 la adrenalina de comprarla ya, porque sino la oportunidad se desvanece de tus manos. Esto permite comprobar, si en efecto, el consumo\u00a0 suele superar con creces la obtenci\u00f3n de lo imprescindible.\u00a0<\/span><\/p>\n<p><b>\u00bfD\u00f3nde sol\u00e9s comprar la ropa?\u00a0<\/b><\/p>\n<p><b>La moda convencional muchas veces es una\u00a0 barrera para la moda sostenible, <\/b><span style=\"font-weight: 400;\">ya que ofrecen precios exorbitantes para que la prenda tenga un valor agregado que muchas veces no se refleja en la calidad. Ante este panorama la moda \u00e9tica no puede competir. Entonces es tiempo de pensar si tu h\u00e1bito de compra se centra en las grandes marcas, centros comerciales, etc, o si tu consumo tambi\u00e9n se enfoca en alternativas m\u00e1s sostenibles de producci\u00f3n local,\u00a0 second hand o los propios establecimientos de moda \u00e9tica y ecol\u00f3gica.\u00a0<\/span><\/p>\n<p><b>\u00bfQu\u00e9 criterios utilizas a la hora de comprar una prenda?\u00a0<\/b><\/p>\n<p><b>Sin dudas la importancia de que una prenda sea atractiva atrae mucho al consumidor<\/b><span style=\"font-weight: 400;\">. Sin embargo, no deber\u00eda ser el \u00fanico criterio para decir si hacemos o no la compra. Qu\u00e9 hay de la durabilidad de la prenda, C\u00f3mo est\u00e1 infeccionada, qu\u00e9 tipo de materiales se utilizaron. Pero sobre todo si es una prenda de tendencia\u00a0 que va a pasar de moda en un abrir y cerrar de ojos o si puedo adherirla a mi armario de manera funcional, para que perdure en el tiempo y no muera en dos o tres usadas.\u00a0<\/span><\/p>\n<p><b>\u00bfQu\u00e9 informaci\u00f3n consultas en las etiquetas?\u00a0<\/b><\/p>\n<p><b>Transmitir la mayor informaci\u00f3n sobre el producto que vamos a comprar es un compromiso b\u00e1sico que deber\u00eda cumplir cualquier marca<\/b><span style=\"font-weight: 400;\">. Con esto qu\u00e9 se obtiene: informaci\u00f3n m\u00e1s completa sobre el lugar de fabricaci\u00f3n, las condiciones de lavado o los materiales que componen las prendas.\u00a0 Dato no menor,\u00a0 el origen de donde est\u00e1 confeccionada la prenda. Seg\u00fan un informe dan\u00e9s, uno de los rituales que lleva a cabo el consumidor \u201cideal\u201d de moda sostenible es comprobar estos datos.<\/span><\/p>\n<p><b>\u00bfQu\u00e9 haces cuando ya no usas una prenda?<\/b><\/p>\n<p><b>El concepto de tendencia o moda e la industria textil nos impulsa a consumir fast fashion que\u00a0 genera una cantidad de residuos textiles desmedido y en muchos casos su descomposici\u00f3n es lo m\u00e1s dif\u00edcil. <\/b><span style=\"font-weight: 400;\">Alguna vez te preguntaste cuantas veces usas tus prendas favoritas y cuantas veces el resto.<\/span> <span style=\"font-weight: 400;\">Son varias las opciones para que esa prenda tenga una segunda oportunidad o varias antes de terminar en la basura. Optimizar lo que ya ten\u00e9s es la regla n\u00famero uno, armando diferentes\u00a0 outfits,\u00a0 jugando con lo nuevo y lo vintage. Customizar esas prendas que am\u00e1s y no queres soltar por su calidad y perdurabilidad en el tiempo. Donarlas a las personas que necesiten tener ropa en buen estado u otra opci\u00f3n es intercambiarlas con familiares y amigos. Llevarlas a un second hand\u00a0 o revenderlas a un precio justo. Por otro lado, si la ropa est\u00e1 muy gastada pod\u00e9s usarla para trapos de limpieza o rellenos de almohadones.\u00a0<\/span><\/p>\n<p><span style=\"font-weight: 400;\">Consumir de forma sostenible significa pensar en peque\u00f1o y hacerlo con menos derroche. Elle L dise\u00f1adora sostenible explica que \u201cla moda est\u00e1 entre el arte y la utilidad, y precisamente por eso tiene el poder y la responsabilidad de encontrar una buena soluci\u00f3n que nos ayude, ahora m\u00e1s que nunca a volvernos m\u00e1s sostenibles, fuertes y saludables\u201d.<\/span><\/p>\n<p><span style=\"font-weight: 400;\">Sources:<\/span><\/p>\n<p><span style=\"color: #999999;\"><a style=\"color: #999999;\" href=\"https:\/\/idus.us.es\/bitstream\/handle\/11441\/29430\/Moda%20sostenible%20y%20h%E1bitos%20de%20consumo.pdf;jsessionid=6BFC7E6143A72A4EE6C18E29730301F3?sequence=1\"><span style=\"font-weight: 400;\">https:\/\/idus.us.es\/bitstream\/handle\/11441\/29430\/Moda%20sostenible%20y%20h%E1bitos%20de%20consumo.pdf;jsessionid=6BFC7E6143A72A4EE6C18E29730301F3?sequence=1<\/span><\/a><\/span><\/p>\n<p><span style=\"color: #999999;\"><a style=\"color: #999999;\" href=\"https:\/\/modaimpactopositivo.com\/moda-online-sostenible\/\"><span style=\"font-weight: 400;\">https:\/\/modaimpactopositivo.com\/moda-online-sostenible\/<\/span><\/a><\/span><\/p>\n<p><span style=\"color: #999999;\"><a style=\"color: #999999;\" href=\"https:\/\/www.forbes.com\/sites\/pamdanziger\/2020\/05\/10\/coronavirus-will-force-fashion-to-a-sustainable-future\/?sh=5060a3f55292\"><span style=\"font-weight: 400;\">https:\/\/www.forbes.com\/sites\/pamdanziger\/2020\/05\/10\/coronavirus-will-force-fashion-to-a-sustainable-future\/?sh=5060a3f55292<\/span><\/a><\/span><\/p>\n<\/div><\/div><\/div><\/div><\/div>","protected":false},"excerpt":{"rendered":"<p>Lorem ipsum dolor sit amet, consectetur adipiscing elit. Nam pharetra dictum eleifend. Sed posuere magna at luctus pretium. Aliquam ligula sem, aliquet sit amet nisi ac, dignissim porta ipsum.<\/p>","protected":false},"author":9,"featured_media":5820,"comment_status":"open","ping_status":"open","sticky":false,"template":"","format":"standard","meta":{"_monsterinsights_skip_tracking":false,"_monsterinsights_sitenote_active":false,"_monsterinsights_sitenote_note":"","_monsterinsights_sitenote_category":0,"footnotes":""},"categories":[40],"tags":[93,89,48,92,47,96,88],"class_list":["post-5816","post","type-post","status-publish","format-standard","has-post-thumbnail","hentry","category-blog","tag-disenadores-sostenibles","tag-moda-etica","tag-moda-latina","tag-moda-latinoamericana","tag-moda-sostenible","tag-moda-sustentable","tag-universo-mola"],"_links":{"self":[{"href":"https:\/\/universomola.com\/en\/wp-json\/wp\/v2\/posts\/5816","targetHints":{"allow":["GET"]}}],"collection":[{"href":"https:\/\/universomola.com\/en\/wp-json\/wp\/v2\/posts"}],"about":[{"href":"https:\/\/universomola.com\/en\/wp-json\/wp\/v2\/types\/post"}],"author":[{"embeddable":true,"href":"https:\/\/universomola.com\/en\/wp-json\/wp\/v2\/users\/9"}],"replies":[{"embeddable":true,"href":"https:\/\/universomola.com\/en\/wp-json\/wp\/v2\/comments?post=5816"}],"version-history":[{"count":1,"href":"https:\/\/universomola.com\/en\/wp-json\/wp\/v2\/posts\/5816\/revisions"}],"predecessor-version":[{"id":5821,"href":"https:\/\/universomola.com\/en\/wp-json\/wp\/v2\/posts\/5816\/revisions\/5821"}],"wp:featuredmedia":[{"embeddable":true,"href":"https:\/\/universomola.com\/en\/wp-json\/wp\/v2\/media\/5820"}],"wp:attachment":[{"href":"https:\/\/universomola.com\/en\/wp-json\/wp\/v2\/media?parent=5816"}],"wp:term":[{"taxonomy":"category","embeddable":true,"href":"https:\/\/universomola.com\/en\/wp-json\/wp\/v2\/categories?post=5816"},{"taxonomy":"post_tag","embeddable":true,"href":"https:\/\/universomola.com\/en\/wp-json\/wp\/v2\/tags?post=5816"}],"curies":[{"name":"wp","href":"https:\/\/api.w.org\/{rel}","templated":true}]}}