{"id":5825,"date":"2021-06-09T22:03:03","date_gmt":"2021-06-10T01:03:03","guid":{"rendered":"http:\/\/desarrollosdeprueba.xyz\/universo_mola\/?p=5825"},"modified":"2021-08-08T22:05:03","modified_gmt":"2021-08-09T01:05:03","slug":"ensenar-moda-regenerativa","status":"publish","type":"post","link":"https:\/\/universomola.com\/en\/ensenar-moda-regenerativa\/","title":{"rendered":"ENSE\u00d1AR MODA REGENERATIVA"},"content":{"rendered":"<div class=\"fusion-fullwidth fullwidth-box fusion-builder-row-1 fusion-flex-container nonhundred-percent-fullwidth non-hundred-percent-height-scrolling\" style=\"--awb-border-radius-top-left:0px;--awb-border-radius-top-right:0px;--awb-border-radius-bottom-right:0px;--awb-border-radius-bottom-left:0px;--awb-flex-wrap:wrap;\" ><div class=\"fusion-builder-row fusion-row fusion-flex-align-items-flex-start fusion-flex-content-wrap\" style=\"max-width:1248px;margin-left: calc(-4% \/ 2 );margin-right: calc(-4% \/ 2 );\"><div class=\"fusion-layout-column fusion_builder_column fusion-builder-column-0 fusion_builder_column_1_1 1_1 fusion-flex-column\" style=\"--awb-bg-size:cover;--awb-width-large:100%;--awb-margin-top-large:0px;--awb-spacing-right-large:1.92%;--awb-margin-bottom-large:0px;--awb-spacing-left-large:1.92%;--awb-width-medium:100%;--awb-spacing-right-medium:1.92%;--awb-spacing-left-medium:1.92%;--awb-width-small:100%;--awb-spacing-right-small:1.92%;--awb-spacing-left-small:1.92%;\"><div class=\"fusion-column-wrapper fusion-flex-justify-content-flex-start fusion-content-layout-column\"><div class=\"fusion-text fusion-text-1\"><p><em><span style=\"color: #33cccc;\">Escrito por: Noticias <\/span><\/em><em><span style=\"color: #33cccc;\">de Universo MOLA<\/span><\/em><\/p>\n<p><i><span style=\"font-weight: 400;\">Por Victoria Arizabalo, Colaboradora Uruguay<\/span><\/i><\/p>\n<p><span style=\"font-weight: 400;\">No es una novedad, la Pandemia trajo consigo la necesidad de actualizar.<\/span><\/p>\n<p><span style=\"font-weight: 400;\">Un desaf\u00edo que se suma a la interminable TO DO LIST de la moda tradicional y <\/span><i><span style=\"font-weight: 400;\">c\u00f3mo<\/span><\/i><span style=\"font-weight: 400;\"> se lleva a cabo: desde el \u00e1mbito educativo, su concepci\u00f3n y producci\u00f3n.\u00a0<\/span><\/p>\n<p><span style=\"font-weight: 400;\">Como bien sabemos, la moda est\u00e1 integrada por muchas otras industrias y su cadena de valor recorre desde el sector agricultor para producir fibras naturales, hasta el marketing digital como herramienta de promoci\u00f3n.<\/span><\/p>\n<p><span style=\"font-weight: 400;\">Dicho esto, la <\/span><b>interdisciplinariedad<\/b><span style=\"font-weight: 400;\"> toma cada vez m\u00e1s fuerza a medida que identificamos cada eslab\u00f3n de producci\u00f3n, entendiendo a los procesos desde una mirada circular, equitativa y colaborativa como camino para el progreso.<\/span><\/p>\n<p><span style=\"font-weight: 400;\">As\u00ed como hemos cuestionado el concepto de moda<\/span> <span style=\"font-weight: 400;\">en este proceso regenerativo, es necesario cuestionarnos <\/span><i><span style=\"font-weight: 400;\">c\u00f3mo<\/span><\/i><span style=\"font-weight: 400;\"> estamos llevando a cabo la formaci\u00f3n y capacitaci\u00f3n de los profesionales que la representan.<\/span><\/p>\n<p><span style=\"font-weight: 400;\">El rol del dise\u00f1ador, considerado mayormente en la punta del iceberg apenas conforma una parte y es tan relevante como los dem\u00e1s.\u00a0\u00a0<\/span><\/p>\n<p><span style=\"font-weight: 400;\">Cuestionemos entonces \u00bfc\u00f3mo estamos percibiendo y capacitando a los dise\u00f1adores?<\/span><\/p>\n<p><span style=\"font-weight: 400;\">Hoy d\u00eda, la percepci\u00f3n social y acad\u00e9mica de un dise\u00f1ador,<\/span> <span style=\"font-weight: 400;\">no puede continuar present\u00e1ndose como quien <\/span><i><span style=\"font-weight: 400;\">&#8211; dibuja bien, cose y hace ropa linda &#8211; <\/span><\/i><span style=\"font-weight: 400;\">su repercusi\u00f3n es mucho m\u00e1s abarcativa que lo visible en una prenda: es una huella social, ambiental, econ\u00f3mica y cultural en un determinado contexto.<\/span><\/p>\n<p><span style=\"font-weight: 400;\">La responsabilidad educativa, desde mi percepci\u00f3n, deber\u00eda ser foco de regeneraci\u00f3n de la moda, encabezada por instituciones, educadores, referentes, organizaciones y los mismos estudiantes del dise\u00f1o.<\/span><\/p>\n<p><span style=\"font-weight: 400;\">\u00bfC\u00f3mo continuar creciendo en este camino si no es desde la ense\u00f1anza y la capacitaci\u00f3n?<\/span><\/p>\n<p><span style=\"font-weight: 400;\">Es tarde para continuar creyendo la fantasia a la que nos enfrenta la moda tradicional, generando el capricho de estudiar moda <\/span><i><span style=\"font-weight: 400;\">para tener nuestra marca de identidad y ser reconocidos, <\/span><\/i><span style=\"font-weight: 400;\">como lo fu\u00e9 Dior en el 47\u2019.<\/span><\/p>\n<p><span style=\"font-weight: 400;\">No lo juzgo, de hecho, lo celebro porque la historia conforma lo que somos hoy y es fabulosa de estudiar.\u00a0<\/span><\/p>\n<p><span style=\"font-weight: 400;\">Ahora bien, es nuestra tarea desapegarnos del sentido de pertenencia que representa la exclusividad y el lujo, principalmente porque el vestir pas\u00f3 a ser una necesidad <\/span><b>b\u00e1sica.<\/b><\/p>\n<p><span style=\"font-weight: 400;\">Entendiendo b\u00e1sica, como el hecho de cubrir nuestro cuerpo. Siendo uno de los motivos: el trabajo remoto consecuencia de la cuarentena obligatoria.<\/span><\/p>\n<p><span style=\"font-weight: 400;\">En este camino de b\u00fasqueda constante para aplicar pr\u00e1cticas sostenibles, \u00e9ticas y conscientes, tomamos lo viejo como fuente de inspiraci\u00f3n para dar lugar a lo nuevo desde la actualizaci\u00f3n.<\/span><\/p>\n<p><b><i>Concebir el dise\u00f1o como una estrategia en lugar de materializar objetos.<\/i><\/b><\/p>\n<p><span style=\"font-weight: 400;\">\u00a0<\/span><span style=\"font-weight: 400;\">Apretar el bot\u00f3n de reset en planes de estudio, perfil de estudiante y desempe\u00f1o laboral.\u00a0<\/span><\/p>\n<p><span style=\"font-weight: 400;\">Considerando su complejidad, pero con convicci\u00f3n de que el cambio es el proceso.<\/span><\/p>\n<p><span style=\"font-weight: 400;\">Veamos del nuevo contexto la oportunidad,\u00a0 innovar en la ense\u00f1anza para dar inicio a propuestas que manifiesten lo que somos hoy: diversidad, inclusi\u00f3n y empat\u00eda.\u00a0<\/span><\/p>\n<p><b>\u00bfY por qu\u00e9 no, dar el primer paso con un curso de la mano de MOLA?<\/b><\/p>\n<\/div><\/div><\/div><\/div><\/div>","protected":false},"excerpt":{"rendered":"<p>Lorem ipsum dolor sit amet, consectetur adipiscing elit. Nam pharetra dictum eleifend. Sed posuere magna at luctus pretium. Aliquam ligula sem, aliquet sit amet nisi ac, dignissim porta ipsum.<\/p>","protected":false},"author":9,"featured_media":5826,"comment_status":"open","ping_status":"open","sticky":false,"template":"","format":"standard","meta":{"_monsterinsights_skip_tracking":false,"_monsterinsights_sitenote_active":false,"_monsterinsights_sitenote_note":"","_monsterinsights_sitenote_category":0,"footnotes":""},"categories":[40],"tags":[93,89,48,92,47,96,88],"class_list":["post-5825","post","type-post","status-publish","format-standard","has-post-thumbnail","hentry","category-blog","tag-disenadores-sostenibles","tag-moda-etica","tag-moda-latina","tag-moda-latinoamericana","tag-moda-sostenible","tag-moda-sustentable","tag-universo-mola"],"_links":{"self":[{"href":"https:\/\/universomola.com\/en\/wp-json\/wp\/v2\/posts\/5825","targetHints":{"allow":["GET"]}}],"collection":[{"href":"https:\/\/universomola.com\/en\/wp-json\/wp\/v2\/posts"}],"about":[{"href":"https:\/\/universomola.com\/en\/wp-json\/wp\/v2\/types\/post"}],"author":[{"embeddable":true,"href":"https:\/\/universomola.com\/en\/wp-json\/wp\/v2\/users\/9"}],"replies":[{"embeddable":true,"href":"https:\/\/universomola.com\/en\/wp-json\/wp\/v2\/comments?post=5825"}],"version-history":[{"count":1,"href":"https:\/\/universomola.com\/en\/wp-json\/wp\/v2\/posts\/5825\/revisions"}],"predecessor-version":[{"id":5827,"href":"https:\/\/universomola.com\/en\/wp-json\/wp\/v2\/posts\/5825\/revisions\/5827"}],"wp:featuredmedia":[{"embeddable":true,"href":"https:\/\/universomola.com\/en\/wp-json\/wp\/v2\/media\/5826"}],"wp:attachment":[{"href":"https:\/\/universomola.com\/en\/wp-json\/wp\/v2\/media?parent=5825"}],"wp:term":[{"taxonomy":"category","embeddable":true,"href":"https:\/\/universomola.com\/en\/wp-json\/wp\/v2\/categories?post=5825"},{"taxonomy":"post_tag","embeddable":true,"href":"https:\/\/universomola.com\/en\/wp-json\/wp\/v2\/tags?post=5825"}],"curies":[{"name":"wp","href":"https:\/\/api.w.org\/{rel}","templated":true}]}}