{"id":5831,"date":"2021-03-10T22:11:32","date_gmt":"2021-03-11T01:11:32","guid":{"rendered":"http:\/\/desarrollosdeprueba.xyz\/universo_mola\/?p=5831"},"modified":"2021-08-08T22:12:42","modified_gmt":"2021-08-09T01:12:42","slug":"entrevista-somos-dacal","status":"publish","type":"post","link":"https:\/\/universomola.com\/en\/entrevista-somos-dacal\/","title":{"rendered":"ENTREVISTA SOMOS DACAL"},"content":{"rendered":"<div class=\"fusion-fullwidth fullwidth-box fusion-builder-row-1 fusion-flex-container nonhundred-percent-fullwidth non-hundred-percent-height-scrolling\" style=\"--awb-border-radius-top-left:0px;--awb-border-radius-top-right:0px;--awb-border-radius-bottom-right:0px;--awb-border-radius-bottom-left:0px;--awb-flex-wrap:wrap;\" ><div class=\"fusion-builder-row fusion-row fusion-flex-align-items-flex-start fusion-flex-content-wrap\" style=\"max-width:1248px;margin-left: calc(-4% \/ 2 );margin-right: calc(-4% \/ 2 );\"><div class=\"fusion-layout-column fusion_builder_column fusion-builder-column-0 fusion_builder_column_1_1 1_1 fusion-flex-column\" style=\"--awb-bg-size:cover;--awb-width-large:100%;--awb-margin-top-large:0px;--awb-spacing-right-large:1.92%;--awb-margin-bottom-large:0px;--awb-spacing-left-large:1.92%;--awb-width-medium:100%;--awb-spacing-right-medium:1.92%;--awb-spacing-left-medium:1.92%;--awb-width-small:100%;--awb-spacing-right-small:1.92%;--awb-spacing-left-small:1.92%;\"><div class=\"fusion-column-wrapper fusion-flex-justify-content-flex-start fusion-content-layout-column\"><div class=\"fusion-text fusion-text-1\"><p><em><span style=\"color: #33cccc;\">Escrito por: Noticias <\/span><\/em><em><span style=\"color: #33cccc;\">de Universo MOLA<\/span><\/em><\/p>\n<p><i><span style=\"font-weight: 400;\">Por Andrea de Iacovo, Voz Argentina<\/span><\/i><\/p>\n<p><span style=\"font-weight: 400;\">Dacal es una marca de dise\u00f1o Argentino que trabaja el suprareciclaje, educa y\u00a0 transforma colaborativamente. Hoy nos vestimos con sentido, nos vestimos\u00a0 de LUTO, hoy nos toca vestirnos de negro y FLOR nos cuenta sobre su \u00faltima colecci\u00f3n..\u00a0<\/span><\/p>\n<p><b>Flor, hoy nos toca de cerca un problema serio, y quer\u00eda que nos cuentes sobre tu \u00faltima colecci\u00f3n, LUTO su historia y prop\u00f3sito.<\/b><\/p>\n<p><span style=\"font-weight: 400;\">Esta campa\u00f1a surge de nuestro trabajo de suprareciclaje y la posibilidad de que mediante las prendas podamos reflexionar sobre nuestro impacto en el planeta y la situaci\u00f3n de emergencia en la que vivimos. Es un incentivo para que todos podamos hacer algo desde nuestra labor, nuestro lugar, uni\u00e9ndonos con sentido y conciencia.<\/span><\/p>\n<p><span style=\"font-weight: 400;\">Es una nueva campa\u00f1a de prendas hechas a pedido, con telas negras recuperadas de sastrer\u00edas. Proponemos la cocreaci\u00f3n con quienes las encargan, que elegir\u00e1n entre 3 opciones de partes de abajo y 3 opciones de partes de arriba, codise\u00f1ando pantalones, monos o jardineros.\u00a0<\/span><\/p>\n<p><span style=\"font-weight: 400;\">El luto es una muestra de los sentimientos ante una p\u00e9rdida, es una respuesta a la muerte.<\/span><b> Estamos de luto, vivimos un ecocidio durante una pandemia.<\/b><span style=\"font-weight: 400;\"> El fuego arrasa miles de hect\u00e1reas de tierra, animales, flora nativa, afect\u00f3 el aire y a sus habitantes, dejando cenizas negras. Estas prendas intentan visibilizar esta tragedia y aportar a su soluci\u00f3n. Proponemos vestirnos con sentido, conscientes de que todo lo que hacemos vuelve a la tierra, colaborando con quienes ponen el cuerpo.<\/span><\/p>\n<p><span style=\"font-weight: 400;\">Esta campa\u00f1a apoya a Multisectorial Humedales, el colectivo de autoconvocades por la preservaci\u00f3n y restauraci\u00f3n de los humedales de todo el pa\u00eds, que recibir\u00e1n el 10% de las ventas de la serie.<\/span><\/p>\n<p><b>Contanos el trabajo de rescate de prendas en tu serie SOSTENEMOS<\/b><\/p>\n<p><span style=\"font-weight: 400;\">La serie Sostenemos es parte de la colecci\u00f3n contin\u00faa \u00danicos en Serie, <\/span><b>prendas numeradas creadas con camisas remanentes.<\/b><span style=\"font-weight: 400;\"> Comenzamos esta serie en 2015, antes reciclabamos prendas usadas, hoy nos dedicamos a remanentes industriales o de sastrer\u00edas. Nuestra primera serie de prendas coincidi\u00f3 casualmente con el Acuerdo de Par\u00eds en el que 25 pa\u00edses nos comprometemos a reducir la temperatura global. El aumento en estos a\u00f1os fue r\u00e9cord superando el 20% de crecimiento. Desde nuestra modesta labor local y artesanal recuperamos m\u00e1s de 1200 camisas. Al reciclarlas cuidamos 3.000.000 de litros de agua y evitamos 3000 kilos de carbono.\u00a0<\/span><\/p>\n<p><span style=\"font-weight: 400;\">La industria textil sigue siendo de las m\u00e1s contaminantes e injustas del mundo, por su ritmo acelerado de producci\u00f3n extractivista. <\/span><b>Solo se recicla el 1% de sus materiales<\/b><span style=\"font-weight: 400;\">, es urgente y necesario vestirnos de forma responsable. La tarea que realizamos implica desde descubrir esos stocks en desuso, desembalarlos, recuperarlos, lavar, desarmar y recoser. Todas estas tareas las hacemos con bajo impacto ambiental. cuidando los detalles. Eso es en pocas palabras el proceso que explicamos en un video disponible en nuestra web, realizado por Lola Dacal.<\/span><a href=\"http:\/\/www.somosdacal.com\/\"> <span style=\"font-weight: 400;\">www.somosdacal.com<\/span><\/a><\/p>\n<p><b>Sostener es repetir, es elegir una y otra vez<\/b><span style=\"font-weight: 400;\">, tenemos la oportunidad de habitar con responsabilidad nuestro planeta. Somos responsables vistiendo prendas sustentables. Contribuimos a la reducci\u00f3n de la temperatura global eligiendo prendas recicladas.<\/span><\/p>\n<p><span style=\"font-weight: 400;\">Este a\u00f1o la serie se llama Sostenemos, porque <\/span><b>sostenemos los modelos de prendas que funcionan y nos piden<\/b><span style=\"font-weight: 400;\">, sostenemos el acceso a un vestir responsable con prendas durables y transparencia en la producci\u00f3n.<\/span><\/p>\n<p><span style=\"font-weight: 400;\">Sostenemos un cambio de h\u00e1bitos para vincularnos de forma sustentable con el mundo. Redise\u00f1amos un vestir responsable, atemporal e inclusivo, para todos los g\u00e9neros y edades.<\/span><\/p>\n<p><b>\u00bfC\u00f3mo los recibi\u00f3 el pa\u00eds vecino Chile en su experiencia de trabajo colaborativo junto a 12na?<\/b><\/p>\n<p><span style=\"font-weight: 400;\">Fue una experiencia de mucho aprendizaje, la realidad chilena es muy distinta a la Argentina, all\u00ed el mercado de la ropa y en particular de la usada es gigante porque la importan, llegan constantemente containers, existe feria y barrios enteros dedicados a esta industria, con lo cual <\/span><b>tienen un gran volumen de descarte textil<\/b><span style=\"font-weight: 400;\">. Ese contexto posibilita otro tipo de recuperaci\u00f3n y suprareciclaje. 12na lo identific\u00f3 hace unos 10 a\u00f1os y se instalaron en Valparaiso para llevar adelante su marca y proyectos culturales. Tienen un programa de residencias de la que fuimos parte en 2018 y en la que desarrollamos entre otras cosas, Recreo de Camisas un taller de c\u00f3digo abierto en el que fusionamos nuestros saberes para compartirlos y promover el reciclaje textil y el hacer colaborativo. Toda nuestra residencia qued\u00f3 documentada en una bit\u00e1cora audiovisual y textual que est\u00e1 disponible en la web de 12na. <\/span><b>Este a\u00f1o haremos otro Recreo de camisas en BA.<\/b><\/p>\n<p><b>\u00bfFue una\u00a0 experiencia positiva para Dacal vender sus dise\u00f1os en ferias de c.a.b.a. o prefieren vender en showrooms con cita previa?<\/b><\/p>\n<p><span style=\"font-weight: 400;\">Disfrutamos la venta personalizada y eso nos llev\u00f3 a distintos espacios de consumo responsable y dise\u00f1o en caba y el pa\u00eds. El 2020 de aislamiento, nos hizo considerar nuevas posibilidades de venta a distancia, por eso creamos la web y nos aliamos a ferias virtuales y tiendas colectivas. Sostenemos los encuentros en nuestro estudio en BA, con cita previa, para ver las prendas y asistir a talleres de suprareciclaje textil.<\/span><\/p>\n<p><b>Hoy que todo cambio \u00bfc\u00f3mo ves a futuro las\u00a0 ventas\u00a0 y\u00a0 dar talleres y tutoriales para\u00a0 seguir educando de modo online?<\/b><\/p>\n<p><span style=\"font-weight: 400;\">Somos un proyecto integral en el que la educaci\u00f3n es clave. Desde que comenzamos hicimos prendas y ense\u00f1amos como hacerlas, abrimos nuestro espacio para el desarrollo de proyectos personales, promovemos la conciencia ambiental desde el vestir. Llevamos estos dispositivos a distintos espacios y ciudades e hicimos talleres online. Nos encanta poder ofrecer distintas maneras de participaci\u00f3n, por eso estamos armando formatos virtuales y presenciales de talleres para este a\u00f1o.<\/span><\/p>\n<p><b><i>\u00abRecuperamos pasado, vestimos presente y colaboramos por un futuro\u00bb<\/i><\/b><b>, es tu lema, queda claro que cuando DACAL comenz\u00f3, el futuro del que mencionan es HOY, la atemporalidad es parte de la belleza de crear dise\u00f1os meramente sostenibles \u00bfsentis que hubo cambios en este transcurso del tiempo, que ven\u00eds trabajando el dise\u00f1o sostenible en cuanto al p\u00fablico, a los consumidores? \u00bfsentis hoy qu\u00e9 el ag\u00e9nero es m\u00e1s entendible, se va tornando m\u00e1s f\u00e1cil la inclusi\u00f3n en el mundo de la moda? gracias Flor por tu buena onda y tu trabajo para un mundo mejor<\/b><\/p>\n<p><span style=\"font-weight: 400;\">Felizmente podemos ver como la discusi\u00f3n sobre un vestir responsable ha crecido enormemente, aunque queda mucho por hacer. La perspectiva de g\u00e9nero en la moda se ha modificado en estos a\u00f1os, espero que la inclusi\u00f3n no sea una moda pasajera. Me alegra porque significa mayor libertad y comodidad para muches, ya que el vestir es importante en la construcci\u00f3n de la identidaLamentablemente los datos son duros, se siguen produciendo 100 billones de prendas al a\u00f1o, pr\u00e1cticamente todas terminan en la basura ya que solo el 1% de los textiles se reciclan, por eso insisto con que nuestra tarea de suprareciclaje en necesaria y urgente. <\/span><b>La sustentabilidad tiene que ser masiva, comunitaria y estamos en ese camino<\/b><span style=\"font-weight: 400;\">, necesitamos implementarlo a mayor escala para lograr un verdadero impacto que aporte positivamente a las problem\u00e1ticas ambientales que implica, calentamiento global y contaminaci\u00f3n del agua, injusticia social, especismo, entre otras. Cada persona tiene un papel importante y una responsabilidad, solo por vestirse. Todes podemos vestirnos de forma responsable seg\u00fan nuestras posibilidades y necesidades. La sustentabilidad es diversa, sigamos sumando y sosteniendo acciones de cuidado de nuestro entorno y convivencia arm\u00f3nica con el ambiente.<\/span><\/p>\n<\/div><\/div><\/div><\/div><\/div>","protected":false},"excerpt":{"rendered":"<p>Lorem ipsum dolor sit amet, consectetur adipiscing elit. Nam pharetra dictum eleifend. Sed posuere magna at luctus pretium. Aliquam ligula sem, aliquet sit amet nisi ac, dignissim porta ipsum.<\/p>","protected":false},"author":9,"featured_media":5833,"comment_status":"open","ping_status":"open","sticky":false,"template":"","format":"standard","meta":{"_monsterinsights_skip_tracking":false,"_monsterinsights_sitenote_active":false,"_monsterinsights_sitenote_note":"","_monsterinsights_sitenote_category":0,"footnotes":""},"categories":[40],"tags":[93,89,48,92,47,96,88],"class_list":["post-5831","post","type-post","status-publish","format-standard","has-post-thumbnail","hentry","category-blog","tag-disenadores-sostenibles","tag-moda-etica","tag-moda-latina","tag-moda-latinoamericana","tag-moda-sostenible","tag-moda-sustentable","tag-universo-mola"],"_links":{"self":[{"href":"https:\/\/universomola.com\/en\/wp-json\/wp\/v2\/posts\/5831","targetHints":{"allow":["GET"]}}],"collection":[{"href":"https:\/\/universomola.com\/en\/wp-json\/wp\/v2\/posts"}],"about":[{"href":"https:\/\/universomola.com\/en\/wp-json\/wp\/v2\/types\/post"}],"author":[{"embeddable":true,"href":"https:\/\/universomola.com\/en\/wp-json\/wp\/v2\/users\/9"}],"replies":[{"embeddable":true,"href":"https:\/\/universomola.com\/en\/wp-json\/wp\/v2\/comments?post=5831"}],"version-history":[{"count":1,"href":"https:\/\/universomola.com\/en\/wp-json\/wp\/v2\/posts\/5831\/revisions"}],"predecessor-version":[{"id":5834,"href":"https:\/\/universomola.com\/en\/wp-json\/wp\/v2\/posts\/5831\/revisions\/5834"}],"wp:featuredmedia":[{"embeddable":true,"href":"https:\/\/universomola.com\/en\/wp-json\/wp\/v2\/media\/5833"}],"wp:attachment":[{"href":"https:\/\/universomola.com\/en\/wp-json\/wp\/v2\/media?parent=5831"}],"wp:term":[{"taxonomy":"category","embeddable":true,"href":"https:\/\/universomola.com\/en\/wp-json\/wp\/v2\/categories?post=5831"},{"taxonomy":"post_tag","embeddable":true,"href":"https:\/\/universomola.com\/en\/wp-json\/wp\/v2\/tags?post=5831"}],"curies":[{"name":"wp","href":"https:\/\/api.w.org\/{rel}","templated":true}]}}