{"id":7164,"date":"2021-09-15T20:15:13","date_gmt":"2021-09-15T23:15:13","guid":{"rendered":"http:\/\/universomola.com\/?p=7164"},"modified":"2021-09-15T20:15:13","modified_gmt":"2021-09-15T23:15:13","slug":"por-que-vistes-sostenible-hoy","status":"publish","type":"post","link":"https:\/\/universomola.com\/en\/por-que-vistes-sostenible-hoy\/","title":{"rendered":"\u00bfPor qu\u00e9 vistes sostenible hoy?"},"content":{"rendered":"[fusion_builder_container hundred_percent=\u00bbno\u00bb equal_height_columns=\u00bbno\u00bb menu_anchor=\u00bb\u00bb hide_on_mobile=\u00bbsmall-visibility,medium-visibility,large-visibility\u00bb class=\u00bb\u00bb id=\u00bb\u00bb background_color=\u00bb\u00bb background_image=\u00bb\u00bb background_position=\u00bbcenter center\u00bb background_repeat=\u00bbno-repeat\u00bb fade=\u00bbno\u00bb background_parallax=\u00bbnone\u00bb parallax_speed=\u00bb0.3&#8243; video_mp4=\u00bb\u00bb video_webm=\u00bb\u00bb video_ogv=\u00bb\u00bb video_url=\u00bb\u00bb video_aspect_ratio=\u00bb16:9&#8243; video_loop=\u00bbyes\u00bb video_mute=\u00bbyes\u00bb overlay_color=\u00bb\u00bb video_preview_image=\u00bb\u00bb border_color=\u00bb\u00bb border_style=\u00bbsolid\u00bb padding_top=\u00bb\u00bb padding_bottom=\u00bb\u00bb padding_left=\u00bb\u00bb padding_right=\u00bb\u00bb type=\u00bbflex\u00bb][fusion_builder_row][fusion_builder_column type=\u00bb1_1&#8243; layout=\u00bb1_1&#8243; background_position=\u00bbleft top\u00bb background_color=\u00bb\u00bb border_color=\u00bb\u00bb border_style=\u00bbsolid\u00bb border_position=\u00bball\u00bb spacing=\u00bbyes\u00bb background_image=\u00bb\u00bb background_repeat=\u00bbno-repeat\u00bb padding_top=\u00bb\u00bb padding_right=\u00bb\u00bb padding_bottom=\u00bb\u00bb padding_left=\u00bb\u00bb margin_top=\u00bb0px\u00bb margin_bottom=\u00bb0px\u00bb class=\u00bb\u00bb id=\u00bb\u00bb animation_type=\u00bb\u00bb animation_speed=\u00bb0.3&#8243; animation_direction=\u00bbleft\u00bb hide_on_mobile=\u00bbsmall-visibility,medium-visibility,large-visibility\u00bb center_content=\u00bbno\u00bb last=\u00bbtrue\u00bb min_height=\u00bb\u00bb hover_type=\u00bbnone\u00bb link=\u00bb\u00bb border_sizes_top=\u00bb\u00bb border_sizes_bottom=\u00bb\u00bb border_sizes_left=\u00bb\u00bb border_sizes_right=\u00bb\u00bb first=\u00bbtrue\u00bb][fusion_text columns=\u00bb1&#8243; column_min_width=\u00bb\u00bb column_spacing=\u00bb\u00bb rule_style=\u00bbdefault\u00bb rule_size=\u00bb\u00bb rule_color=\u00bb\u00bb content_alignment_medium=\u00bb\u00bb content_alignment_small=\u00bb\u00bb content_alignment=\u00bb\u00bb hide_on_mobile=\u00bbsmall-visibility,medium-visibility,large-visibility\u00bb sticky_display=\u00bbnormal,sticky\u00bb class=\u00bb\u00bb id=\u00bb\u00bb font_size=\u00bb\u00bb fusion_font_family_text_font=\u00bb\u00bb fusion_font_variant_text_font=\u00bb\u00bb line_height=\u00bb\u00bb letter_spacing=\u00bb\u00bb text_color=\u00bb\u00bb animation_type=\u00bb\u00bb animation_direction=\u00bbleft\u00bb animation_speed=\u00bb0.3&#8243; animation_offset=\u00bb\u00bb]\n<p><em>Por Camila Hermida Romero, Colaboradora Colombia<\/em><\/p>\n<p>Desde hace m\u00e1s o menos 3 a\u00f1os<strong> mi mundo gira en torno al vestir.<\/strong> Aunque trabajando desde casa, ya no pienso tanto en qu\u00e9 abrigo utilizar para enfrentarme al siempre cambiante clima bogotano, pienso m\u00e1s bien en la sensaci\u00f3n de la tela sobre mi piel y c\u00f3mo quiero sentirme durante el d\u00eda.<\/p>\n<p>El <strong>entender mi estado de \u00e1nimo para vestir<\/strong> siempre ha sido importante para m\u00ed; me transporta a uno de mis recuerdos m\u00e1s antiguos, un recuerdo que a veces visito con sospecha.<\/p>\n<p>Ten\u00eda alrededor de 4 a\u00f1os y era <strong>un d\u00eda normal de un mes normal<\/strong>, un mes como abril; recuerdo tener un <strong>vestido de princesa rosado<\/strong> y dorado en alg\u00fan lugar del armario, y recuerdo decir a mis pap\u00e1s que era <strong>un d\u00eda especial y pod\u00eda ir disfrazada a clase.<\/strong> Pod\u00eda utilizar ese vestido.<\/p>\n<p>Ese d\u00eda entr\u00e9 al sal\u00f3n como princesa, de los pies a la cabeza; y <strong>m\u00e1s de 20 a\u00f1os despu\u00e9s a\u00fan recuerdo lo poderosa que me sent\u00ed.<\/strong> Recuerdo el color de la tela, la textura de los detalles en el vestido y el rizo peque\u00f1ito que me ca\u00eda a un lado de la cara. Recuerdo que, por un d\u00eda, <strong>los dem\u00e1s ni\u00f1os me trataron diferente<\/strong> y me sent\u00ed como una peque\u00f1a heredera de la nobleza.<\/p>\n<p>Al mencionar esta historia a mis pap\u00e1s ellos dudan que sea verdad, pero al final eso no es tan importante, lo importante es que es mi primer recuerdo relacionado con el vestir<strong> \u2013 o <em>clothing memory<\/em> \u2013<\/strong> como menciona <strong>Mary Lou Rosencranz<\/strong>, una profesora de econom\u00eda del hogar que investig\u00f3 sobre <strong>psicolog\u00eda y sociolog\u00eda aplicadas al vestir<\/strong> en la d\u00e9cada del 70.<\/p>\n<p>Nuestra memoria del vestir o <em>clothing memory<\/em> es<strong> parte fundamental de quienes somos como personas.<\/strong> Estos primeros recuerdos, seg\u00fan su investigaci\u00f3n, var\u00edan mucho de una persona a otra, pero tienen ciertos puntos de encuentro. Normalmente una <strong>mujer<\/strong> recordar\u00e1 con detalle alg\u00fan atuendo que utiliz\u00f3 entre los <strong>3 y los 4 a\u00f1os<\/strong> \u2013 como mi vestido de princesa \u2013 mientras que para un<strong> hombre<\/strong> este tipo de recuerdos aparecen entre lo<strong>s 7 y 8 a\u00f1os<\/strong> y no tienen la misma profundidad. Adem\u00e1s, pueden estar asociados con situaciones desagradables o momentos en los que alg\u00fan adulto les llam\u00f3 la atenci\u00f3n por la forma en la que estaban vestidos.<\/p>\n<p>Rosencranz escribi\u00f3 sobre este tema, entre muchos otros, y lleg\u00f3 a relacionarlo con nuestro <strong><em>clothing awareness<\/em>, que vendr\u00eda siendo la consciencia de que vestimos<\/strong>. Esta consciencia determina qu\u00e9 tanta importancia damos al vestir a lo largo de nuestras vidas y qu\u00e9 tan c\u00f3modos nos sentimos en <strong>relaci\u00f3n con el mundo de la moda,<\/strong> siendo clave a la hora de plantearnos nuestra <strong>relaci\u00f3n con la sostenibilidad.<\/strong><\/p>\n<p>\u00bfC\u00f3mo comienza nuestra historia con la moda? \u00bfDe d\u00f3nde vienen nuestras preocupaciones al vestir? Responder estas preguntas nos lleva a entender por qu\u00e9 estamos aqu\u00ed, escribiendo \u2013 en tu caso leyendo \u2013 estas l\u00edneas hoy.<\/p>\n<p><strong>Empezar a buscar formas m\u00e1s sostenibles de habitar y vestir no es f\u00e1cil y puede convertirse en una tarea tit\u00e1nica, pero si tenemos claro el por qu\u00e9 podemos disfrutar del proceso<\/strong>. Para m\u00ed, encontrar formas de vestir y sentirme poderosa y en armon\u00eda con mi entorno, es importante porque seguramente a esa ni\u00f1a disfrazada de mis recuerdos la har\u00eda sentir orgullosa.<\/p>\n<p>Para ti,<em> \u00bfCu\u00e1l es tu primer recuerdo del vestir? \u00bfQu\u00e9 te trae aqu\u00ed?<\/em><\/p>\n[\/fusion_text][\/fusion_builder_column][\/fusion_builder_row][\/fusion_builder_container]\n","protected":false},"excerpt":{"rendered":"<p>Lorem ipsum dolor sit amet, consectetur adipiscing elit. Nam pharetra dictum eleifend. Sed posuere magna at luctus pretium. Aliquam ligula sem, aliquet sit amet nisi ac, dignissim porta ipsum.<\/p>","protected":false},"author":7,"featured_media":7504,"comment_status":"open","ping_status":"open","sticky":false,"template":"","format":"standard","meta":{"footnotes":""},"categories":[40],"tags":[93,89,48,92,47,96,88],"class_list":["post-7164","post","type-post","status-publish","format-standard","has-post-thumbnail","category-blog","tag-disenadores-sostenibles","tag-moda-etica","tag-moda-latina","tag-moda-latinoamericana","tag-moda-sostenible","tag-moda-sustentable","tag-universo-mola"],"_links":{"self":[{"href":"https:\/\/universomola.com\/en\/wp-json\/wp\/v2\/posts\/7164","targetHints":{"allow":["GET"]}}],"collection":[{"href":"https:\/\/universomola.com\/en\/wp-json\/wp\/v2\/posts"}],"about":[{"href":"https:\/\/universomola.com\/en\/wp-json\/wp\/v2\/types\/post"}],"author":[{"embeddable":true,"href":"https:\/\/universomola.com\/en\/wp-json\/wp\/v2\/users\/7"}],"replies":[{"embeddable":true,"href":"https:\/\/universomola.com\/en\/wp-json\/wp\/v2\/comments?post=7164"}],"version-history":[{"count":1,"href":"https:\/\/universomola.com\/en\/wp-json\/wp\/v2\/posts\/7164\/revisions"}],"predecessor-version":[{"id":7165,"href":"https:\/\/universomola.com\/en\/wp-json\/wp\/v2\/posts\/7164\/revisions\/7165"}],"wp:featuredmedia":[{"embeddable":true,"href":"https:\/\/universomola.com\/en\/wp-json\/wp\/v2\/media\/7504"}],"wp:attachment":[{"href":"https:\/\/universomola.com\/en\/wp-json\/wp\/v2\/media?parent=7164"}],"wp:term":[{"taxonomy":"category","embeddable":true,"href":"https:\/\/universomola.com\/en\/wp-json\/wp\/v2\/categories?post=7164"},{"taxonomy":"post_tag","embeddable":true,"href":"https:\/\/universomola.com\/en\/wp-json\/wp\/v2\/tags?post=7164"}],"curies":[{"name":"wp","href":"https:\/\/api.w.org\/{rel}","templated":true}]}}